{"id":45,"date":"2025-08-30T19:39:37","date_gmt":"2025-08-30T17:39:37","guid":{"rendered":"https:\/\/guigotsu.com\/jalmavev3\/?p=45"},"modified":"2026-04-06T09:50:46","modified_gmt":"2026-04-06T07:50:46","slug":"journee-champetre-des-benevoles-de-jalmalv-est-var-19","status":"publish","type":"post","link":"http:\/\/jalmalv-estvar.fr\/?p=45","title":{"rendered":"Journ\u00e9e champ\u00eatre des b\u00e9n\u00e9voles de JALMALV EST-VAR 19"},"content":{"rendered":"\n<p><\/p>\n\n\n\n<figure class=\"wp-block-image size-large\"><img fetchpriority=\"high\" decoding=\"async\" width=\"724\" height=\"1024\" src=\"https:\/\/guigotsu.com\/jalmavev3\/wp-content\/uploads\/2025\/08\/Photos-journee-champetre-du-19-juin-2024-1_0-724x1024.jpg\" alt=\"\" class=\"wp-image-46\" srcset=\"http:\/\/jalmalv-estvar.fr\/wp-content\/uploads\/2025\/08\/Photos-journee-champetre-du-19-juin-2024-1_0-724x1024.jpg 724w, http:\/\/jalmalv-estvar.fr\/wp-content\/uploads\/2025\/08\/Photos-journee-champetre-du-19-juin-2024-1_0-212x300.jpg 212w, http:\/\/jalmalv-estvar.fr\/wp-content\/uploads\/2025\/08\/Photos-journee-champetre-du-19-juin-2024-1_0-768x1086.jpg 768w, http:\/\/jalmalv-estvar.fr\/wp-content\/uploads\/2025\/08\/Photos-journee-champetre-du-19-juin-2024-1_0-1086x1536.jpg 1086w, http:\/\/jalmalv-estvar.fr\/wp-content\/uploads\/2025\/08\/Photos-journee-champetre-du-19-juin-2024-1_0-1448x2048.jpg 1448w, http:\/\/jalmalv-estvar.fr\/wp-content\/uploads\/2025\/08\/Photos-journee-champetre-du-19-juin-2024-1_0-scaled.jpg 1810w\" sizes=\"(max-width: 724px) 100vw, 724px\" \/><\/figure>\n\n\n\n<figure class=\"wp-block-image size-large\"><img decoding=\"async\" width=\"724\" height=\"1024\" src=\"https:\/\/guigotsu.com\/jalmavev3\/wp-content\/uploads\/2025\/08\/Photos-journee-champetre-du-19-juin-2024-1_1-724x1024.jpg\" alt=\"\" class=\"wp-image-47\" srcset=\"http:\/\/jalmalv-estvar.fr\/wp-content\/uploads\/2025\/08\/Photos-journee-champetre-du-19-juin-2024-1_1-724x1024.jpg 724w, http:\/\/jalmalv-estvar.fr\/wp-content\/uploads\/2025\/08\/Photos-journee-champetre-du-19-juin-2024-1_1-212x300.jpg 212w, http:\/\/jalmalv-estvar.fr\/wp-content\/uploads\/2025\/08\/Photos-journee-champetre-du-19-juin-2024-1_1-768x1086.jpg 768w, http:\/\/jalmalv-estvar.fr\/wp-content\/uploads\/2025\/08\/Photos-journee-champetre-du-19-juin-2024-1_1-1086x1536.jpg 1086w, http:\/\/jalmalv-estvar.fr\/wp-content\/uploads\/2025\/08\/Photos-journee-champetre-du-19-juin-2024-1_1-1448x2048.jpg 1448w, http:\/\/jalmalv-estvar.fr\/wp-content\/uploads\/2025\/08\/Photos-journee-champetre-du-19-juin-2024-1_1-scaled.jpg 1810w\" sizes=\"(max-width: 724px) 100vw, 724px\" \/><\/figure>\n","protected":false},"excerpt":{"rendered":"","protected":false},"author":1,"featured_media":0,"comment_status":"closed","ping_status":"open","sticky":false,"template":"","format":"standard","meta":{"footnotes":""},"categories":[2],"tags":[],"class_list":["post-45","post","type-post","status-publish","format-standard","hentry","category-dernieres-actualites"],"_links":{"self":[{"href":"http:\/\/jalmalv-estvar.fr\/index.php?rest_route=\/wp\/v2\/posts\/45","targetHints":{"allow":["GET"]}}],"collection":[{"href":"http:\/\/jalmalv-estvar.fr\/index.php?rest_route=\/wp\/v2\/posts"}],"about":[{"href":"http:\/\/jalmalv-estvar.fr\/index.php?rest_route=\/wp\/v2\/types\/post"}],"author":[{"embeddable":true,"href":"http:\/\/jalmalv-estvar.fr\/index.php?rest_route=\/wp\/v2\/users\/1"}],"replies":[{"embeddable":true,"href":"http:\/\/jalmalv-estvar.fr\/index.php?rest_route=%2Fwp%2Fv2%2Fcomments&post=45"}],"version-history":[{"count":4,"href":"http:\/\/jalmalv-estvar.fr\/index.php?rest_route=\/wp\/v2\/posts\/45\/revisions"}],"predecessor-version":[{"id":78,"href":"http:\/\/jalmalv-estvar.fr\/index.php?rest_route=\/wp\/v2\/posts\/45\/revisions\/78"}],"wp:attachment":[{"href":"http:\/\/jalmalv-estvar.fr\/index.php?rest_route=%2Fwp%2Fv2%2Fmedia&parent=45"}],"wp:term":[{"taxonomy":"category","embeddable":true,"href":"http:\/\/jalmalv-estvar.fr\/index.php?rest_route=%2Fwp%2Fv2%2Fcategories&post=45"},{"taxonomy":"post_tag","embeddable":true,"href":"http:\/\/jalmalv-estvar.fr\/index.php?rest_route=%2Fwp%2Fv2%2Ftags&post=45"}],"curies":[{"name":"wp","href":"https:\/\/api.w.org\/{rel}","templated":true}]}}